[{"@context":"https:\/\/schema.org\/","@type":"Article","@id":"https:\/\/www.radok.cz\/zubni-klinika-prijimame-ale-mame-omezeny-pocet-nove-prichozich\/#Article","mainEntityOfPage":"https:\/\/www.radok.cz\/zubni-klinika-prijimame-ale-mame-omezeny-pocet-nove-prichozich\/","headline":"Zubn\u00ed klinika &#8211; p\u0159ij\u00edm\u00e1me, ale m\u00e1me omezen\u00fd po\u010det nov\u011b p\u0159\u00edchoz\u00edch","name":"Zubn\u00ed klinika &#8211; p\u0159ij\u00edm\u00e1me, ale m\u00e1me omezen\u00fd po\u010det nov\u011b p\u0159\u00edchoz\u00edch","description":"\u201eAu! Zase ten zub! U\u017e s t\u00edm n\u011bco mus\u00edm ud\u011blat\u2026 jen\u017ee\u2026 m\u016fj o\u0161et\u0159uj\u00edc\u00ed zuba\u0159 d\u00e1vno neordinuje. Co te\u010f? Kde te\u010f najdu jin\u00e9ho zuba\u0159e?\u201c \u2013 Vid\u00edte se v tom? Ne\u010dekejte, a\u017e bude zuba\u0159 pot\u0159eba, za\u0159i\u010fte si ho co nejd\u0159\u00edv, a\u0165 m\u00e1te mo\u017enost kdykoliv p\u0159ij\u00edt a \u0159e\u0161it zdravotn\u00ed probl\u00e9my. Cho\u010fte na pravideln\u00e9","datePublished":"2022-03-24","dateModified":"2023-05-25","author":{"@type":"Person","@id":"https:\/\/www.radok.cz\/author\/#Person","name":"","url":"https:\/\/www.radok.cz\/author\/","identifier":1,"image":{"@type":"ImageObject","@id":"https:\/\/secure.gravatar.com\/avatar\/383247cd769f7ac317a5bcda943ec48a3c79d996598ae4564ec21a0e178126d1?s=96&d=mm&r=g","url":"https:\/\/secure.gravatar.com\/avatar\/383247cd769f7ac317a5bcda943ec48a3c79d996598ae4564ec21a0e178126d1?s=96&d=mm&r=g","height":96,"width":96}},"publisher":{"@type":"Organization","name":"radok.cz","logo":{"@type":"ImageObject","@id":"\/logo.png","url":"\/logo.png","width":600,"height":60}},"image":{"@type":"ImageObject","@id":"https:\/\/www.radok.cz\/wp-content\/uploads\/pexels-cedric-fauntleroy-4269942.jpg","url":"https:\/\/www.radok.cz\/wp-content\/uploads\/pexels-cedric-fauntleroy-4269942.jpg","height":0,"width":0},"url":"https:\/\/www.radok.cz\/zubni-klinika-prijimame-ale-mame-omezeny-pocet-nove-prichozich\/","about":["Podnik\u00e1n\u00ed"],"wordCount":442,"articleBody":"         \u201eAu! Zase ten zub! U\u017e s t\u00edm n\u011bco mus\u00edm ud\u011blat\u2026 jen\u017ee\u2026 m\u016fj o\u0161et\u0159uj\u00edc\u00ed zuba\u0159 d\u00e1vno neordinuje. Co te\u010f? Kde te\u010f najdu jin\u00e9ho zuba\u0159e?\u201c \u2013 Vid\u00edte se v tom? Ne\u010dekejte, a\u017e bude zuba\u0159 pot\u0159eba, za\u0159i\u010fte si ho co nejd\u0159\u00edv, a\u0165 m\u00e1te mo\u017enost kdykoliv p\u0159ij\u00edt a \u0159e\u0161it zdravotn\u00ed probl\u00e9my. Cho\u010fte na pravideln\u00e9 prohl\u00eddky, a\u0165 m\u016f\u017eete podchytit v\u010das n\u011bco co se V\u00e1m v \u00fastech za\u010d\u00edn\u00e1 rozr\u016fstat. Nebu\u010fte k sob\u011b bezohledn\u00ed. Chci V\u00e1m p\u0159edstavit zuba\u0159e, kter\u00fd p\u0159ij\u00edm\u00e1 nov\u00e9 pacienty v Praze. Tak\u017ee \u0159ekn\u011bme \u2013 HUR\u00c1! Zuba\u0159 Praha p\u0159ij\u00edm\u00e1 nov\u00e9 pacienty, poj\u010fme si ho zajistit, ne\u017e budou napln\u011bny kapacity.Nejste prvn\u00ed ani posledn\u00ed, kdo hled\u00e1 zku\u0161en\u00e9ho lidsk\u00e9ho zubn\u00edho l\u00e9ka\u0159e. Bohu\u017eel naj\u00edt takov\u00e9ho zuba\u0159e je dnes velik\u00e9 \u0161t\u011bst\u00ed. Probl\u00e9m je i to, \u017ee v\u011bt\u0161ina lid\u00ed nem\u00e1 dobr\u00fd pocit, kdy\u017e u l\u00e9ka\u0159e je. Kdo by ho tak\u00e9 m\u011bl \u017ee? Pokud V\u00e1m prov\u00e1d\u00ed z\u00e1krok, kter\u00fd je V\u00e1m nep\u0159\u00edjemn\u00fd, nen\u00ed to \u00fapln\u011b cht\u011bn\u00e9 vyu\u017eit\u00ed na\u0161eho \u010dasu, ale v\u00edme \u017ee je to pot\u0159eba. Ka\u017ed\u00fd \u010dlov\u011bk by m\u011bl chodit na preventivn\u00ed prohl\u00eddky. M\u011bl by m\u00edt alespo\u0148 jednou za rok dent\u00e1ln\u00ed hygienu. A m\u011bl by pe\u010dovat o sv\u00e9 zuby. Paradoxem je ale to, \u017ee lidi se tak boj\u00ed chodit zuba\u0159i a \u010dekaj\u00ed a\u017e do posledn\u00ed chv\u00edle, \u017ee potom n\u00e1sledn\u00e1 n\u00e1v\u0161t\u011bva ji\u017e s bolav\u00fdmi zuby nebo z\u00e1n\u011btem d\u00e1sn\u00ed nen\u00ed absolutn\u011b p\u0159\u00edjemn\u00e1. Pokud byste ale chodili na pravideln\u00e9 prohl\u00eddky, takov\u00fd horor by V\u00e1s v ordinaci ne\u010dekal.Zku\u0161en\u00fd a zodpov\u011bdn\u00fd \u010dlov\u011bk, kter\u00fd chod\u00ed na pravideln\u00e9 prohl\u00eddky nev\u00ed, co je bolest. Nebo v\u00ed, ale velmi minim\u00e1ln\u011b, proto\u017ee jeho chrup je pod kontrolou zku\u0161en\u00e9ho odborn\u00edka. Tato zubn\u00ed ordinace d\u011bl\u00e1 \u010dest sv\u00e9 profesi. Lid\u00e9 jsou tu lid\u0161t\u00ed, dok\u00e1\u017eou v\u0161e \u0159\u00e1dn\u011b vysv\u011btlit a uk\u00e1zat. Pokud jdete jen na zkr\u00e1\u0161len\u00ed sv\u00e9ho \u00fasm\u011bvu v r\u00e1mci barven\u00ed zub\u016f, porad\u00ed, \u0159eknou V\u00e1m, co a jak a v\u017edy si m\u016f\u017eete zavolat do ordinace, pokud n\u011bco zapomenete \u010di m\u00e1te dopl\u0148uj\u00edc\u00ed ot\u00e1zky na kter\u00e9 jste si na n\u00e1v\u0161t\u011bv\u011b nevzpomn\u011bli. Tak\u017ee na\u017ehavte sv\u00e9 mobily a volejte, dokud nen\u00ed kapacita pln\u011b zapln\u011bna.                                                                                                                                                                                                                                                                                                                                                                                          4.7\/5 - (3 votes)        "},{"@context":"https:\/\/schema.org\/","@type":"BreadcrumbList","itemListElement":[{"@type":"ListItem","position":1,"name":"Zubn\u00ed klinika &#8211; p\u0159ij\u00edm\u00e1me, ale m\u00e1me omezen\u00fd po\u010det nov\u011b p\u0159\u00edchoz\u00edch","item":"https:\/\/www.radok.cz\/zubni-klinika-prijimame-ale-mame-omezeny-pocet-nove-prichozich\/#breadcrumbitem"}]}]