[{"@context":"https:\/\/schema.org\/","@type":"Article","@id":"https:\/\/www.radok.cz\/rozsirujete-dum\/#Article","mainEntityOfPage":"https:\/\/www.radok.cz\/rozsirujete-dum\/","headline":"Roz\u0161i\u0159ujete d\u016fm?","name":"Roz\u0161i\u0159ujete d\u016fm?","description":"Dnes nen\u00ed tak ojedin\u011bl\u00fdm zjevem, \u017ee se op\u011bt, jako p\u0159ed lety p\u0159estavuj\u00ed a p\u0159istavuj\u00ed dal\u0161\u00ed \u010d\u00e1sti ke star\u0161\u00edm domk\u016fm. Nen\u00ed to v\u0161ak kv\u016fli modernizaci, spojen\u00e9 se zav\u00e1d\u011bn\u00edm vody, kanalizace, \u010di plynu a se vzr\u016fstaj\u00edc\u00ed pot\u0159ebou komfortu v souvislosti s popula\u010dn\u00edm boomem sedmdes\u00e1t\u00fdch let. V sou\u010dasn\u00e9 dob\u011b je \u010dasto p\u0159estavba star\u0161\u00edho","datePublished":"2024-11-27","dateModified":"2024-11-27","author":{"@type":"Person","@id":"https:\/\/www.radok.cz\/author\/#Person","name":"","url":"https:\/\/www.radok.cz\/author\/","identifier":1,"image":{"@type":"ImageObject","@id":"https:\/\/secure.gravatar.com\/avatar\/383247cd769f7ac317a5bcda943ec48a3c79d996598ae4564ec21a0e178126d1?s=96&d=mm&r=g","url":"https:\/\/secure.gravatar.com\/avatar\/383247cd769f7ac317a5bcda943ec48a3c79d996598ae4564ec21a0e178126d1?s=96&d=mm&r=g","height":96,"width":96}},"publisher":{"@type":"Organization","name":"radok.cz","logo":{"@type":"ImageObject","@id":"\/logo.png","url":"\/logo.png","width":600,"height":60}},"url":"https:\/\/www.radok.cz\/rozsirujete-dum\/","wordCount":178,"articleBody":"Dnes nen\u00ed tak ojedin\u011bl\u00fdm zjevem, \u017ee se op\u011bt, jako p\u0159ed lety p\u0159estavuj\u00ed a p\u0159istavuj\u00ed dal\u0161\u00ed \u010d\u00e1sti ke star\u0161\u00edm domk\u016fm. Nen\u00ed to v\u0161ak kv\u016fli modernizaci, spojen\u00e9 se zav\u00e1d\u011bn\u00edm vody, kanalizace, \u010di plynu a se vzr\u016fstaj\u00edc\u00ed pot\u0159ebou komfortu v souvislosti s popula\u010dn\u00edm boomem sedmdes\u00e1t\u00fdch let. V sou\u010dasn\u00e9 dob\u011b je \u010dasto p\u0159estavba star\u0161\u00edho domku jedin\u00fdm zp\u016fsobem, jak se dostat k rozumn\u00e9mu bydlen\u00ed ve vlastn\u00edm obydl\u00ed a jak se vyhnout n\u00e1jemn\u00edm byt\u016fm.Kam? Vzh\u016fru!Nej\u010dast\u011bj\u0161\u00edm a nejjednodu\u0161\u0161\u00edm zp\u016fsobem roz\u0161i\u0159ov\u00e1n\u00ed domk\u016f je v\u00fdstavba do v\u00fd\u0161ky. \u0160et\u0159\u00ed to nejen prostor, ale i n\u00e1klady, zvl\u00e1\u0161t\u011b, zvol\u00edme-li formu podkrovn\u00edch m\u00edstnost\u00ed. Ty vytvo\u0159\u00edme za pou\u017eit\u00ed st\u00e1vaj\u00edc\u00edch krov\u016f jejich zateplen\u00edm, vytvo\u0159en\u00edm st\u011bn a podlah. P\u0159irozen\u00e9 sv\u011btlo zaji\u0161\u0165uj\u00ed st\u0159e\u0161n\u00ed okna, kter\u00e1 z\u00e1rove\u0148 \u0161et\u0159\u00ed vnit\u0159n\u00ed prostor.                                                                                                                                                                                                                                                                                                                                                                                        4\/5 - (1 vote)        "},{"@context":"https:\/\/schema.org\/","@type":"BreadcrumbList","itemListElement":[{"@type":"ListItem","position":1,"name":"Roz\u0161i\u0159ujete d\u016fm?","item":"https:\/\/www.radok.cz\/rozsirujete-dum\/#breadcrumbitem"}]}]