[{"@context":"https:\/\/schema.org\/","@type":"Article","@id":"https:\/\/www.radok.cz\/proc-u-nas-neni-o-ucnovske-obory-prilis-velky-zajem\/#Article","mainEntityOfPage":"https:\/\/www.radok.cz\/proc-u-nas-neni-o-ucnovske-obory-prilis-velky-zajem\/","headline":"Pro\u010d u n\u00e1s nen\u00ed o u\u010d\u0148ovsk\u00e9 obory p\u0159\u00edli\u0161 velk\u00fd z\u00e1jem?","name":"Pro\u010d u n\u00e1s nen\u00ed o u\u010d\u0148ovsk\u00e9 obory p\u0159\u00edli\u0161 velk\u00fd z\u00e1jem?","description":"Ka\u017ed\u00fd \u017e\u00e1k dev\u00e1t\u00e9 t\u0159\u00eddy z\u00e1kladn\u00ed \u0161koly stoj\u00ed p\u0159ed st\u011b\u017eejn\u00ed ot\u00e1zkou: kde pokra\u010dovat ve studiu? Odpov\u011b\u010f toti\u017e bez nads\u00e1zky ovlivn\u00ed jeho dal\u0161\u00ed budoucnost. Nen\u00ed tedy divu, \u017ee se sna\u017e\u00ed co nejl\u00e9pe vybrat, i kdy\u017e se m\u016f\u017ee zd\u00e1t, \u017ee zde \u017e\u00e1d\u00e1me pon\u011bkud moc od patn\u00e1ctilet\u00e9ho puber\u0165\u00e1ka. Kdo z\u00a0n\u00e1s m\u011bl v\u00a0tomto v\u011bku p\u0159esnou","datePublished":"2021-09-22","dateModified":"2023-05-25","author":{"@type":"Person","@id":"https:\/\/www.radok.cz\/author\/#Person","name":"","url":"https:\/\/www.radok.cz\/author\/","identifier":1,"image":{"@type":"ImageObject","@id":"https:\/\/secure.gravatar.com\/avatar\/383247cd769f7ac317a5bcda943ec48a3c79d996598ae4564ec21a0e178126d1?s=96&d=mm&r=g","url":"https:\/\/secure.gravatar.com\/avatar\/383247cd769f7ac317a5bcda943ec48a3c79d996598ae4564ec21a0e178126d1?s=96&d=mm&r=g","height":96,"width":96}},"publisher":{"@type":"Organization","name":"radok.cz","logo":{"@type":"ImageObject","@id":"\/logo.png","url":"\/logo.png","width":600,"height":60}},"image":{"@type":"ImageObject","@id":"https:\/\/www.radok.cz\/wp-content\/uploads\/skola2_2.jpg","url":"https:\/\/www.radok.cz\/wp-content\/uploads\/skola2_2.jpg","height":0,"width":0},"url":"https:\/\/www.radok.cz\/proc-u-nas-neni-o-ucnovske-obory-prilis-velky-zajem\/","about":["Vzd\u011bl\u00e1n\u00ed"],"wordCount":467,"articleBody":"Ka\u017ed\u00fd \u017e\u00e1k dev\u00e1t\u00e9 t\u0159\u00eddy z\u00e1kladn\u00ed \u0161koly stoj\u00ed p\u0159ed st\u011b\u017eejn\u00ed ot\u00e1zkou: kde pokra\u010dovat ve studiu? Odpov\u011b\u010f toti\u017e bez nads\u00e1zky ovlivn\u00ed jeho dal\u0161\u00ed budoucnost. Nen\u00ed tedy divu, \u017ee se sna\u017e\u00ed co nejl\u00e9pe vybrat, i kdy\u017e se m\u016f\u017ee zd\u00e1t, \u017ee zde \u017e\u00e1d\u00e1me pon\u011bkud moc od patn\u00e1ctilet\u00e9ho puber\u0165\u00e1ka. Kdo z\u00a0n\u00e1s m\u011bl v\u00a0tomto v\u011bku p\u0159esnou p\u0159edstavu o tom, co chce nakonec d\u011blat?\u00a0Ve velk\u00e9 v\u011bt\u0161in\u011b p\u0159\u00edpad\u016f tak \u0161kolu vyb\u00edraj\u00ed p\u0159edev\u0161\u00edm rodi\u010de, i kdy\u017e obvykle s\u00a0p\u0159ihl\u00e9dnut\u00edm k\u00a0z\u00e1jm\u016fm a talent\u016fm d\u00edt\u011bte. A je jasn\u00e9, \u017ee ti pro n\u011bj cht\u011bj\u00ed tu nejlep\u0161\u00ed budoucnost. To v\u00a0tomto p\u0159\u00edpad\u011b znamen\u00e1 dobr\u00e9 pracovn\u00ed p\u0159\u00edle\u017eitosti s\u00a0dobr\u00fdm platem.\u00a0To byl nebylo nic \u0161patn\u00e9ho, kdyby z\u00e1rove\u0148 nebyli v\u00a0zajet\u00ed sv\u00fdch p\u0159edstav. St\u00e1le je\u0161t\u011b nap\u0159\u00edklad existuje stigma, kter\u00e9 \u0159\u00edk\u00e1, \u017ee bez maturity nem\u00e1 \u010dlov\u011bk \u0161anci p\u0159ij\u00edt si na slu\u0161n\u00e9 pen\u00edze, a tak\u00e9 \u017ee u\u010d\u0148ovsk\u00e9 obory jsou n\u011bco pod\u0159adn\u00e9ho. Je na n\u011b nahl\u00ed\u017eeno v\u00a0podstat\u011b jako na odkladi\u0161t\u011b t\u011bch hloup\u00fdch, kte\u0159\u00ed nemaj\u00ed na to, aby studovali klasickou st\u0159edn\u00ed \u0161kolu.\u00a0\u00a0D\u00edky tomu je ka\u017ed\u00fd \u0161koln\u00ed rok velk\u00fd n\u00e1val na studijn\u00ed obory, zat\u00edmco o ty u\u010d\u0148ovsk\u00e9 prakticky nen\u00ed z\u00e1jem. To m\u00e1 bohu\u017eel sv\u00e9 d\u016fsledky, se kter\u00fdmi se p\u0159\u00edli\u0161 nepo\u010d\u00edtalo, av\u0161ak kter\u00e9 poci\u0165ujeme \u010d\u00edm d\u00e1l t\u00ed\u017eiv\u011bji.\u00a0Jedn\u00e1 se p\u0159edev\u0161\u00edm o nedostatek \u0159emesln\u00edk\u016f, jako jsou nejen zedn\u00edci, ale p\u0159edev\u0161\u00edm kvalitn\u00ed truhl\u00e1\u0159i \u010di elektrik\u00e1\u0159i nebo instalat\u00e9\u0159i. Ov\u0161em ti, co existuj\u00ed si pak za sv\u00e9 slu\u017eby mohou \u0159\u00edci podstatn\u011b vy\u0161\u0161\u00ed ceny \u2013 a lidem nezbude ne\u017e zaplatit, nebo\u0165 nikdo jin\u00fd, kdo by onu pr\u00e1ci odvedl, nen\u00ed.\u00a0\u00a0Proto se v\u00a0sou\u010dasn\u00e9 dob\u011b vl\u00e1da sna\u017e\u00ed zpopularizovat u\u010d\u0148ovsk\u00e9 obory. Je pot\u0159eba, aby se na n\u011b p\u0159estalo nahl\u00ed\u017eet jako na m\u00edsto pro ty, kte\u0159\u00ed jsou hloup\u00ed, a m\u00edsto toho jsme je za\u010dali br\u00e1t jako obory pro manu\u00e1ln\u011b zru\u010dn\u00e9.\u00a0Jist\u011b, m\u016f\u017eeme \u0159\u00edci, na tyto obory p\u0159eci d\u011bti st\u00e1le chod\u00ed. A to je pravda, av\u0161ak nesm\u00edme zapom\u00ednat, \u017ee zdaleka ne ka\u017ed\u00fd, kdo vystuduje na automechanika, se automechanikem nakonec stane. Mnoho z\u00a0nich nakonec skon\u010d\u00ed v\u00a0\u00fapln\u011b jin\u00e9m oboru.\u00a0Pokud tedy chceme sou\u010dasnou situaci zvr\u00e1tit, mus\u00edme se zbavit star\u00fdch p\u0159edsudk\u016f. Jinak n\u00e1m hroz\u00ed, \u017ee kvalitn\u00ed manu\u00e1ln\u00ed pracovn\u00edky budeme muset importovat ze zahrani\u010d\u00ed. A to rozhodn\u011b nebude nejlevn\u011bj\u0161\u00ed.                                                                                                                                                                                                                                                                                                                                                                                        3.7\/5 - (4 votes)        "},{"@context":"https:\/\/schema.org\/","@type":"BreadcrumbList","itemListElement":[{"@type":"ListItem","position":1,"name":"Pro\u010d u n\u00e1s nen\u00ed o u\u010d\u0148ovsk\u00e9 obory p\u0159\u00edli\u0161 velk\u00fd z\u00e1jem?","item":"https:\/\/www.radok.cz\/proc-u-nas-neni-o-ucnovske-obory-prilis-velky-zajem\/#breadcrumbitem"}]}]