[{"@context":"https:\/\/schema.org\/","@type":"Article","@id":"https:\/\/www.radok.cz\/problemy-s-prechodem\/#Article","mainEntityOfPage":"https:\/\/www.radok.cz\/problemy-s-prechodem\/","headline":"Probl\u00e9my s p\u0159echodem","name":"Probl\u00e9my s p\u0159echodem","description":"V\u00fdhodou zral\u00e9ho v\u011bku je, \u017ee \u017eena m\u00e1 kone\u010dn\u011b v\u00edce \u010dasu na sebe. Je\u0161t\u011b doned\u00e1vna se musela starat o d\u011bti a rodinu. To se ov\u0161em odchodem d\u011bt\u00ed z domova zm\u011bnilo. P\u0159ed \u017eenou se otev\u00edraj\u00ed nov\u00e9 obzory. Toto obdob\u00ed v sob\u011b skr\u00fdv\u00e1 neb\u00fdval\u00fd potenci\u00e1l. Na druhou stranu i toto obdob\u00ed p\u0159in\u00e1\u0161\u00ed \u017een\u011b","datePublished":"2025-02-27","dateModified":"2025-02-27","author":{"@type":"Person","@id":"https:\/\/www.radok.cz\/author\/#Person","name":"","url":"https:\/\/www.radok.cz\/author\/","identifier":1,"image":{"@type":"ImageObject","@id":"https:\/\/secure.gravatar.com\/avatar\/383247cd769f7ac317a5bcda943ec48a3c79d996598ae4564ec21a0e178126d1?s=96&d=mm&r=g","url":"https:\/\/secure.gravatar.com\/avatar\/383247cd769f7ac317a5bcda943ec48a3c79d996598ae4564ec21a0e178126d1?s=96&d=mm&r=g","height":96,"width":96}},"publisher":{"@type":"Organization","name":"radok.cz","logo":{"@type":"ImageObject","@id":"\/logo.png","url":"\/logo.png","width":600,"height":60}},"url":"https:\/\/www.radok.cz\/problemy-s-prechodem\/","wordCount":164,"articleBody":"V\u00fdhodou zral\u00e9ho v\u011bku je, \u017ee \u017eena m\u00e1 kone\u010dn\u011b v\u00edce \u010dasu na sebe. Je\u0161t\u011b doned\u00e1vna se musela starat o d\u011bti a rodinu. To se ov\u0161em odchodem d\u011bt\u00ed z domova zm\u011bnilo. P\u0159ed \u017eenou se otev\u00edraj\u00ed nov\u00e9 obzory. Toto obdob\u00ed v sob\u011b skr\u00fdv\u00e1 neb\u00fdval\u00fd potenci\u00e1l. Na druhou stranu i toto obdob\u00ed p\u0159in\u00e1\u0161\u00ed \u017een\u011b celou \u0159adu dal\u0161\u00edch probl\u00e9m\u016f. Nap\u0159\u00edklad probl\u00e9my s klimakteriem. Dopl\u0148ky stravy Je cel\u00e1 \u0159ada probl\u00e9m\u016f, kter\u00e9 se k tomuto jevu vztahuj\u00ed. Nap\u0159\u00edklad migr\u00e9ny, nespavost, n\u00e1valy horka a zimy, ztr\u00e1ta sexu\u00e1ln\u00ed apetence, osteopor\u00f3za a cel\u00e1 \u0159ada dal\u0161\u00edch symptom\u016f. Nen\u00ed to nijak p\u0159\u00edjemn\u00e9, ale rozhodn\u011b nen\u00ed d\u016fvod k zoufalstv\u00ed. Proto\u017ee tyto probl\u00e9my maj\u00ed sv\u00e1 \u0159e\u0161en\u00ed v podob\u011b kvalitn\u00edch dopl\u0148k\u016f stravy. Jedn\u00e1 se o \u0161etrn\u011bj\u0161\u00ed zp\u016fsob ne\u017e nap\u0159\u00edklad medikace, kterou V\u00e1m m\u016f\u017ee p\u0159edepsat l\u00e9ka\u0159.                                                                                                                                                                                                                                                                                                                                                                                                "},{"@context":"https:\/\/schema.org\/","@type":"BreadcrumbList","itemListElement":[{"@type":"ListItem","position":1,"name":"Probl\u00e9my s p\u0159echodem","item":"https:\/\/www.radok.cz\/problemy-s-prechodem\/#breadcrumbitem"}]}]