{"@context":"https:\/\/schema.org\/","@type":"CollectionPage","@id":"https:\/\/www.radok.cz\/podnikani\/#CollectionPage","headline":"Podnik\u00e1n\u00ed Category","description":"","url":"https:\/\/www.radok.cz\/podnikani\/","hasPart":[{"@type":"Article","@id":"https:\/\/www.radok.cz\/to-je-nestesti\/","headline":"To je ne\u0161t\u011bst\u00ed","url":"https:\/\/www.radok.cz\/to-je-nestesti\/","datePublished":"2019-02-24","dateModified":"2023-05-25","mainEntityOfPage":"https:\/\/www.radok.cz\/to-je-nestesti\/","author":{"@type":"Person","@id":"https:\/\/www.radok.cz\/author\/#Person","name":"","url":"https:\/\/www.radok.cz\/author\/","identifier":1,"image":{"@type":"ImageObject","@id":"https:\/\/secure.gravatar.com\/avatar\/383247cd769f7ac317a5bcda943ec48a3c79d996598ae4564ec21a0e178126d1?s=96&d=mm&r=g","url":"https:\/\/secure.gravatar.com\/avatar\/383247cd769f7ac317a5bcda943ec48a3c79d996598ae4564ec21a0e178126d1?s=96&d=mm&r=g","height":96,"width":96}},"publisher":{"@type":"Organization","name":"radok.cz","logo":{"@type":"ImageObject","@id":"\/logo.png","url":"\/logo.png","width":600,"height":60}},"image":{"@type":"ImageObject","@id":"https:\/\/www.radok.cz\/wp-content\/uploads\/img_a340017_w1735_t1553076578.jpg","url":"https:\/\/www.radok.cz\/wp-content\/uploads\/img_a340017_w1735_t1553076578.jpg","height":0,"width":0},"keywords":null},{"@type":"Article","@id":"https:\/\/www.radok.cz\/kdo-chce-mit-hodne-nemusi-mit-nakonec-nic\/","headline":"Kdo chce m\u00edt hodn\u011b, nemus\u00ed m\u00edt nakonec nic","url":"https:\/\/www.radok.cz\/kdo-chce-mit-hodne-nemusi-mit-nakonec-nic\/","datePublished":"2019-01-05","dateModified":"2023-05-25","mainEntityOfPage":"https:\/\/www.radok.cz\/kdo-chce-mit-hodne-nemusi-mit-nakonec-nic\/","author":{"@type":"Person","@id":"https:\/\/www.radok.cz\/author\/#Person","name":"","url":"https:\/\/www.radok.cz\/author\/","identifier":1,"image":{"@type":"ImageObject","@id":"https:\/\/secure.gravatar.com\/avatar\/383247cd769f7ac317a5bcda943ec48a3c79d996598ae4564ec21a0e178126d1?s=96&d=mm&r=g","url":"https:\/\/secure.gravatar.com\/avatar\/383247cd769f7ac317a5bcda943ec48a3c79d996598ae4564ec21a0e178126d1?s=96&d=mm&r=g","height":96,"width":96}},"publisher":{"@type":"Organization","name":"radok.cz","logo":{"@type":"ImageObject","@id":"\/logo.png","url":"\/logo.png","width":600,"height":60}},"image":{"@type":"ImageObject","@id":"https:\/\/www.radok.cz\/wp-content\/uploads\/img_a338397_w1716_t1551166400.jpg","url":"https:\/\/www.radok.cz\/wp-content\/uploads\/img_a338397_w1716_t1551166400.jpg","height":0,"width":0},"keywords":null},{"@type":"Article","@id":"https:\/\/www.radok.cz\/bronz-nemusite-chytat-jen-u-more\/","headline":"Bronz nemus\u00edte chytat jen u mo\u0159e","url":"https:\/\/www.radok.cz\/bronz-nemusite-chytat-jen-u-more\/","datePublished":"2018-07-21","dateModified":"2023-08-21","mainEntityOfPage":"https:\/\/www.radok.cz\/bronz-nemusite-chytat-jen-u-more\/","author":{"@type":"Person","@id":"https:\/\/www.radok.cz\/author\/#Person","name":"","url":"https:\/\/www.radok.cz\/author\/","identifier":1,"image":{"@type":"ImageObject","@id":"https:\/\/secure.gravatar.com\/avatar\/383247cd769f7ac317a5bcda943ec48a3c79d996598ae4564ec21a0e178126d1?s=96&d=mm&r=g","url":"https:\/\/secure.gravatar.com\/avatar\/383247cd769f7ac317a5bcda943ec48a3c79d996598ae4564ec21a0e178126d1?s=96&d=mm&r=g","height":96,"width":96}},"publisher":{"@type":"Organization","name":"radok.cz","logo":{"@type":"ImageObject","@id":"\/logo.png","url":"\/logo.png","width":600,"height":60}},"image":{"@type":"ImageObject","@id":"https:\/\/www.radok.cz\/wp-content\/uploads\/img_a321877_w2242_t1533287529.jpg","url":"https:\/\/www.radok.cz\/wp-content\/uploads\/img_a321877_w2242_t1533287529.jpg","height":0,"width":0},"keywords":null},{"@type":"Article","@id":"https:\/\/www.radok.cz\/nebojte-se-vzit-si-velky-uver\/","headline":"Nebojte se vz\u00edt si velk\u00fd \u00fav\u011br","url":"https:\/\/www.radok.cz\/nebojte-se-vzit-si-velky-uver\/","datePublished":"2017-05-17","dateModified":"2023-05-25","mainEntityOfPage":"https:\/\/www.radok.cz\/nebojte-se-vzit-si-velky-uver\/","author":{"@type":"Person","@id":"https:\/\/www.radok.cz\/author\/#Person","name":"","url":"https:\/\/www.radok.cz\/author\/","identifier":1,"image":{"@type":"ImageObject","@id":"https:\/\/secure.gravatar.com\/avatar\/383247cd769f7ac317a5bcda943ec48a3c79d996598ae4564ec21a0e178126d1?s=96&d=mm&r=g","url":"https:\/\/secure.gravatar.com\/avatar\/383247cd769f7ac317a5bcda943ec48a3c79d996598ae4564ec21a0e178126d1?s=96&d=mm&r=g","height":96,"width":96}},"publisher":{"@type":"Organization","name":"radok.cz","logo":{"@type":"ImageObject","@id":"\/logo.png","url":"\/logo.png","width":600,"height":60}},"image":{"@type":"ImageObject","@id":"https:\/\/www.radok.cz\/wp-content\/uploads\/img_a293531_w2137_t1505816044.png","url":"https:\/\/www.radok.cz\/wp-content\/uploads\/img_a293531_w2137_t1505816044.png","height":0,"width":0},"keywords":null}]}