{"@context":"https:\/\/schema.org\/","@type":"CollectionPage","@id":"https:\/\/www.radok.cz\/podnikani\/#CollectionPage","headline":"Podnik\u00e1n\u00ed Category","description":"","url":"https:\/\/www.radok.cz\/podnikani\/","hasPart":[{"@type":"Article","@id":"https:\/\/www.radok.cz\/proc-je-rozumne-revidovat-na-dome-hromosvod\/","headline":"Pro\u010d je rozumn\u00e9 revidovat na dom\u011b hromosvod","url":"https:\/\/www.radok.cz\/proc-je-rozumne-revidovat-na-dome-hromosvod\/","datePublished":"2026-01-04","dateModified":"2026-01-04","mainEntityOfPage":"https:\/\/www.radok.cz\/proc-je-rozumne-revidovat-na-dome-hromosvod\/","author":{"@type":"Person","@id":"https:\/\/www.radok.cz\/author\/#Person","name":"","url":"https:\/\/www.radok.cz\/author\/","identifier":1,"image":{"@type":"ImageObject","@id":"https:\/\/secure.gravatar.com\/avatar\/383247cd769f7ac317a5bcda943ec48a3c79d996598ae4564ec21a0e178126d1?s=96&d=mm&r=g","url":"https:\/\/secure.gravatar.com\/avatar\/383247cd769f7ac317a5bcda943ec48a3c79d996598ae4564ec21a0e178126d1?s=96&d=mm&r=g","height":96,"width":96}},"publisher":{"@type":"Organization","name":"radok.cz","logo":{"@type":"ImageObject","@id":"\/logo.png","url":"\/logo.png","width":600,"height":60}},"image":{"@type":"ImageObject","@id":"https:\/\/www.radok.cz\/wp-content\/uploads\/lightning-2659244_640_1.jpg","url":"https:\/\/www.radok.cz\/wp-content\/uploads\/lightning-2659244_640_1.jpg","height":0,"width":0},"keywords":null},{"@type":"Article","@id":"https:\/\/www.radok.cz\/vyklizeni-bytu-po-zemrelem-pribuznem\/","headline":"Vykl\u00edzen\u00ed bytu po zem\u0159el\u00e9m p\u0159\u00edbuzn\u00e9m","url":"https:\/\/www.radok.cz\/vyklizeni-bytu-po-zemrelem-pribuznem\/","datePublished":"2025-11-07","dateModified":"2025-11-07","mainEntityOfPage":"https:\/\/www.radok.cz\/vyklizeni-bytu-po-zemrelem-pribuznem\/","author":{"@type":"Person","@id":"https:\/\/www.radok.cz\/author\/#Person","name":"","url":"https:\/\/www.radok.cz\/author\/","identifier":1,"image":{"@type":"ImageObject","@id":"https:\/\/secure.gravatar.com\/avatar\/383247cd769f7ac317a5bcda943ec48a3c79d996598ae4564ec21a0e178126d1?s=96&d=mm&r=g","url":"https:\/\/secure.gravatar.com\/avatar\/383247cd769f7ac317a5bcda943ec48a3c79d996598ae4564ec21a0e178126d1?s=96&d=mm&r=g","height":96,"width":96}},"publisher":{"@type":"Organization","name":"radok.cz","logo":{"@type":"ImageObject","@id":"\/logo.png","url":"\/logo.png","width":600,"height":60}},"image":{"@type":"ImageObject","@id":"https:\/\/www.radok.cz\/wp-content\/uploads\/couch-1845270_640_8.jpg","url":"https:\/\/www.radok.cz\/wp-content\/uploads\/couch-1845270_640_8.jpg","height":0,"width":0},"keywords":null},{"@type":"Article","@id":"https:\/\/www.radok.cz\/na-co-myslet-kdyz-hledame-pronajem-stanu-na-svatbu\/","headline":"Na co myslet, kdy\u017e hled\u00e1me pron\u00e1jem stanu na svatbu","url":"https:\/\/www.radok.cz\/na-co-myslet-kdyz-hledame-pronajem-stanu-na-svatbu\/","datePublished":"2025-10-05","dateModified":"2025-10-05","mainEntityOfPage":"https:\/\/www.radok.cz\/na-co-myslet-kdyz-hledame-pronajem-stanu-na-svatbu\/","author":{"@type":"Person","@id":"https:\/\/www.radok.cz\/author\/#Person","name":"","url":"https:\/\/www.radok.cz\/author\/","identifier":1,"image":{"@type":"ImageObject","@id":"https:\/\/secure.gravatar.com\/avatar\/383247cd769f7ac317a5bcda943ec48a3c79d996598ae4564ec21a0e178126d1?s=96&d=mm&r=g","url":"https:\/\/secure.gravatar.com\/avatar\/383247cd769f7ac317a5bcda943ec48a3c79d996598ae4564ec21a0e178126d1?s=96&d=mm&r=g","height":96,"width":96}},"publisher":{"@type":"Organization","name":"radok.cz","logo":{"@type":"ImageObject","@id":"\/logo.png","url":"\/logo.png","width":600,"height":60}},"image":{"@type":"ImageObject","@id":"https:\/\/www.radok.cz\/wp-content\/uploads\/svatba1_2.jpg","url":"https:\/\/www.radok.cz\/wp-content\/uploads\/svatba1_2.jpg","height":0,"width":0},"keywords":null},{"@type":"Article","@id":"https:\/\/www.radok.cz\/pronajem-auta-je-to-mozne\/","headline":"Pron\u00e1jem auta? Je to mo\u017en\u00e9","url":"https:\/\/www.radok.cz\/pronajem-auta-je-to-mozne\/","datePublished":"2025-07-08","dateModified":"2025-07-08","mainEntityOfPage":"https:\/\/www.radok.cz\/pronajem-auta-je-to-mozne\/","author":{"@type":"Person","@id":"https:\/\/www.radok.cz\/author\/#Person","name":"","url":"https:\/\/www.radok.cz\/author\/","identifier":1,"image":{"@type":"ImageObject","@id":"https:\/\/secure.gravatar.com\/avatar\/383247cd769f7ac317a5bcda943ec48a3c79d996598ae4564ec21a0e178126d1?s=96&d=mm&r=g","url":"https:\/\/secure.gravatar.com\/avatar\/383247cd769f7ac317a5bcda943ec48a3c79d996598ae4564ec21a0e178126d1?s=96&d=mm&r=g","height":96,"width":96}},"publisher":{"@type":"Organization","name":"radok.cz","logo":{"@type":"ImageObject","@id":"\/logo.png","url":"\/logo.png","width":600,"height":60}},"image":{"@type":"ImageObject","@id":"https:\/\/www.radok.cz\/wp-content\/uploads\/car-3318430_640_10_10_10_4.jpg","url":"https:\/\/www.radok.cz\/wp-content\/uploads\/car-3318430_640_10_10_10_4.jpg","height":0,"width":0},"keywords":null},{"@type":"Article","@id":"https:\/\/www.radok.cz\/vryjte-se-do-pameti\/","headline":"Vryjte se do pam\u011bti","url":"https:\/\/www.radok.cz\/vryjte-se-do-pameti\/","datePublished":"2025-04-02","dateModified":"2025-04-02","mainEntityOfPage":"https:\/\/www.radok.cz\/vryjte-se-do-pameti\/","author":{"@type":"Person","@id":"https:\/\/www.radok.cz\/author\/#Person","name":"","url":"https:\/\/www.radok.cz\/author\/","identifier":1,"image":{"@type":"ImageObject","@id":"https:\/\/secure.gravatar.com\/avatar\/383247cd769f7ac317a5bcda943ec48a3c79d996598ae4564ec21a0e178126d1?s=96&d=mm&r=g","url":"https:\/\/secure.gravatar.com\/avatar\/383247cd769f7ac317a5bcda943ec48a3c79d996598ae4564ec21a0e178126d1?s=96&d=mm&r=g","height":96,"width":96}},"publisher":{"@type":"Organization","name":"radok.cz","logo":{"@type":"ImageObject","@id":"\/logo.png","url":"\/logo.png","width":600,"height":60}},"image":{"@type":"ImageObject","@id":"https:\/\/www.radok.cz\/wp-content\/uploads\/hands-1851218_640_10_3.jpg","url":"https:\/\/www.radok.cz\/wp-content\/uploads\/hands-1851218_640_10_3.jpg","height":0,"width":0},"keywords":null},{"@type":"Article","@id":"https:\/\/www.radok.cz\/jak-odhalit-problem-vcas-a-predejit-skodam\/","headline":"Jak odhalit probl\u00e9m v\u010das a p\u0159edej\u00edt \u0161kod\u00e1m","url":"https:\/\/www.radok.cz\/jak-odhalit-problem-vcas-a-predejit-skodam\/","datePublished":"2025-02-11","dateModified":"2025-02-11","mainEntityOfPage":"https:\/\/www.radok.cz\/jak-odhalit-problem-vcas-a-predejit-skodam\/","author":{"@type":"Person","@id":"https:\/\/www.radok.cz\/author\/#Person","name":"","url":"https:\/\/www.radok.cz\/author\/","identifier":1,"image":{"@type":"ImageObject","@id":"https:\/\/secure.gravatar.com\/avatar\/383247cd769f7ac317a5bcda943ec48a3c79d996598ae4564ec21a0e178126d1?s=96&d=mm&r=g","url":"https:\/\/secure.gravatar.com\/avatar\/383247cd769f7ac317a5bcda943ec48a3c79d996598ae4564ec21a0e178126d1?s=96&d=mm&r=g","height":96,"width":96}},"publisher":{"@type":"Organization","name":"radok.cz","logo":{"@type":"ImageObject","@id":"\/logo.png","url":"\/logo.png","width":600,"height":60}},"image":{"@type":"ImageObject","@id":"https:\/\/www.radok.cz\/wp-content\/uploads\/potrub%C3%AD_2.jpg","url":"https:\/\/www.radok.cz\/wp-content\/uploads\/potrub%C3%AD_2.jpg","height":0,"width":0},"keywords":null},{"@type":"Article","@id":"https:\/\/www.radok.cz\/muz-nemusi-byt-moc-citlivy\/","headline":"Mu\u017e nemus\u00ed b\u00fdt moc citliv\u00fd","url":"https:\/\/www.radok.cz\/muz-nemusi-byt-moc-citlivy\/","datePublished":"2024-03-22","dateModified":"2024-05-29","mainEntityOfPage":"https:\/\/www.radok.cz\/muz-nemusi-byt-moc-citlivy\/","author":{"@type":"Person","@id":"https:\/\/www.radok.cz\/author\/#Person","name":"","url":"https:\/\/www.radok.cz\/author\/","identifier":1,"image":{"@type":"ImageObject","@id":"https:\/\/secure.gravatar.com\/avatar\/383247cd769f7ac317a5bcda943ec48a3c79d996598ae4564ec21a0e178126d1?s=96&d=mm&r=g","url":"https:\/\/secure.gravatar.com\/avatar\/383247cd769f7ac317a5bcda943ec48a3c79d996598ae4564ec21a0e178126d1?s=96&d=mm&r=g","height":96,"width":96}},"publisher":{"@type":"Organization","name":"radok.cz","logo":{"@type":"ImageObject","@id":"\/logo.png","url":"\/logo.png","width":600,"height":60}},"image":{"@type":"ImageObject","@id":"https:\/\/www.radok.cz\/wp-content\/uploads\/eeeeeeeeeeeeeeeeeeeeee_8.jpg","url":"https:\/\/www.radok.cz\/wp-content\/uploads\/eeeeeeeeeeeeeeeeeeeeee_8.jpg","height":0,"width":0},"keywords":null},{"@type":"Article","@id":"https:\/\/www.radok.cz\/vyuzijte-kanal-youtube-ke-svemu-prospechu\/","headline":"Vyu\u017eijte kan\u00e1l YouTube ke sv\u00e9mu prosp\u011bchu","url":"https:\/\/www.radok.cz\/vyuzijte-kanal-youtube-ke-svemu-prospechu\/","datePublished":"2023-02-14","dateModified":"2023-05-25","mainEntityOfPage":"https:\/\/www.radok.cz\/vyuzijte-kanal-youtube-ke-svemu-prospechu\/","author":{"@type":"Person","@id":"https:\/\/www.radok.cz\/author\/#Person","name":"","url":"https:\/\/www.radok.cz\/author\/","identifier":1,"image":{"@type":"ImageObject","@id":"https:\/\/secure.gravatar.com\/avatar\/383247cd769f7ac317a5bcda943ec48a3c79d996598ae4564ec21a0e178126d1?s=96&d=mm&r=g","url":"https:\/\/secure.gravatar.com\/avatar\/383247cd769f7ac317a5bcda943ec48a3c79d996598ae4564ec21a0e178126d1?s=96&d=mm&r=g","height":96,"width":96}},"publisher":{"@type":"Organization","name":"radok.cz","logo":{"@type":"ImageObject","@id":"\/logo.png","url":"\/logo.png","width":600,"height":60}},"image":{"@type":"ImageObject","@id":"https:\/\/www.radok.cz\/wp-content\/uploads\/tv-g47344f403_640.jpg","url":"https:\/\/www.radok.cz\/wp-content\/uploads\/tv-g47344f403_640.jpg","height":0,"width":0},"keywords":null},{"@type":"Article","@id":"https:\/\/www.radok.cz\/pristresek-pro-auto-u-domu-typu-bungalovu\/","headline":"P\u0159\u00edst\u0159e\u0161ek pro auto u domu typu bungalovu","url":"https:\/\/www.radok.cz\/pristresek-pro-auto-u-domu-typu-bungalovu\/","datePublished":"2022-12-26","dateModified":"2023-12-20","mainEntityOfPage":"https:\/\/www.radok.cz\/pristresek-pro-auto-u-domu-typu-bungalovu\/","author":{"@type":"Person","@id":"https:\/\/www.radok.cz\/author\/#Person","name":"","url":"https:\/\/www.radok.cz\/author\/","identifier":1,"image":{"@type":"ImageObject","@id":"https:\/\/secure.gravatar.com\/avatar\/383247cd769f7ac317a5bcda943ec48a3c79d996598ae4564ec21a0e178126d1?s=96&d=mm&r=g","url":"https:\/\/secure.gravatar.com\/avatar\/383247cd769f7ac317a5bcda943ec48a3c79d996598ae4564ec21a0e178126d1?s=96&d=mm&r=g","height":96,"width":96}},"publisher":{"@type":"Organization","name":"radok.cz","logo":{"@type":"ImageObject","@id":"\/logo.png","url":"\/logo.png","width":600,"height":60}},"image":{"@type":"ImageObject","@id":"https:\/\/www.radok.cz\/wp-content\/uploads\/gratings-g37f486937_640.jpg","url":"https:\/\/www.radok.cz\/wp-content\/uploads\/gratings-g37f486937_640.jpg","height":0,"width":0},"keywords":null},{"@type":"Article","@id":"https:\/\/www.radok.cz\/zubni-klinika-prijimame-ale-mame-omezeny-pocet-nove-prichozich\/","headline":"Zubn\u00ed klinika &#8211; p\u0159ij\u00edm\u00e1me, ale m\u00e1me omezen\u00fd po\u010det nov\u011b p\u0159\u00edchoz\u00edch","url":"https:\/\/www.radok.cz\/zubni-klinika-prijimame-ale-mame-omezeny-pocet-nove-prichozich\/","datePublished":"2022-03-24","dateModified":"2023-05-25","mainEntityOfPage":"https:\/\/www.radok.cz\/zubni-klinika-prijimame-ale-mame-omezeny-pocet-nove-prichozich\/","author":{"@type":"Person","@id":"https:\/\/www.radok.cz\/author\/#Person","name":"","url":"https:\/\/www.radok.cz\/author\/","identifier":1,"image":{"@type":"ImageObject","@id":"https:\/\/secure.gravatar.com\/avatar\/383247cd769f7ac317a5bcda943ec48a3c79d996598ae4564ec21a0e178126d1?s=96&d=mm&r=g","url":"https:\/\/secure.gravatar.com\/avatar\/383247cd769f7ac317a5bcda943ec48a3c79d996598ae4564ec21a0e178126d1?s=96&d=mm&r=g","height":96,"width":96}},"publisher":{"@type":"Organization","name":"radok.cz","logo":{"@type":"ImageObject","@id":"\/logo.png","url":"\/logo.png","width":600,"height":60}},"image":{"@type":"ImageObject","@id":"https:\/\/www.radok.cz\/wp-content\/uploads\/pexels-cedric-fauntleroy-4269942.jpg","url":"https:\/\/www.radok.cz\/wp-content\/uploads\/pexels-cedric-fauntleroy-4269942.jpg","height":0,"width":0},"keywords":null}]}