{"@context":"https:\/\/schema.org\/","@type":"CollectionPage","@id":"https:\/\/www.radok.cz\/nezarazene\/#CollectionPage","headline":"Neza\u0159azen\u00e9 Category","description":"","url":"https:\/\/www.radok.cz\/nezarazene\/","hasPart":[{"@type":"Article","@id":"https:\/\/www.radok.cz\/bungalovy-jsou-idealni-volbou\/","headline":"Bungalovy jsou ide\u00e1ln\u00ed volbou","url":"https:\/\/www.radok.cz\/bungalovy-jsou-idealni-volbou\/","datePublished":"2023-03-25","dateModified":"2023-06-21","mainEntityOfPage":"https:\/\/www.radok.cz\/bungalovy-jsou-idealni-volbou\/","author":{"@type":"Person","@id":"https:\/\/www.radok.cz\/author\/#Person","name":"","url":"https:\/\/www.radok.cz\/author\/","identifier":1,"image":{"@type":"ImageObject","@id":"https:\/\/secure.gravatar.com\/avatar\/383247cd769f7ac317a5bcda943ec48a3c79d996598ae4564ec21a0e178126d1?s=96&d=mm&r=g","url":"https:\/\/secure.gravatar.com\/avatar\/383247cd769f7ac317a5bcda943ec48a3c79d996598ae4564ec21a0e178126d1?s=96&d=mm&r=g","height":96,"width":96}},"publisher":{"@type":"Organization","name":"radok.cz","logo":{"@type":"ImageObject","@id":"\/logo.png","url":"\/logo.png","width":600,"height":60}},"image":{"@type":"ImageObject","@id":"https:\/\/www.radok.cz\/wp-content\/uploads\/kuchyn_1.JPG","url":"https:\/\/www.radok.cz\/wp-content\/uploads\/kuchyn_1.JPG","height":0,"width":0},"keywords":null},{"@type":"Article","@id":"https:\/\/www.radok.cz\/co-vsechno-by-mel-mit-dokonaly-obyvaci-pokoj-prave-obyvak-dela-domov-domovem\/","headline":"Co v\u0161echno by m\u011bl m\u00edt dokonal\u00fd ob\u00fdvac\u00ed pokoj &#8211; pr\u00e1v\u011b ob\u00fdv\u00e1k d\u011bl\u00e1 domov domovem","url":"https:\/\/www.radok.cz\/co-vsechno-by-mel-mit-dokonaly-obyvaci-pokoj-prave-obyvak-dela-domov-domovem\/","datePublished":"2020-09-15","dateModified":"2023-08-17","mainEntityOfPage":"https:\/\/www.radok.cz\/co-vsechno-by-mel-mit-dokonaly-obyvaci-pokoj-prave-obyvak-dela-domov-domovem\/","author":{"@type":"Person","@id":"https:\/\/www.radok.cz\/author\/#Person","name":"","url":"https:\/\/www.radok.cz\/author\/","identifier":1,"image":{"@type":"ImageObject","@id":"https:\/\/secure.gravatar.com\/avatar\/383247cd769f7ac317a5bcda943ec48a3c79d996598ae4564ec21a0e178126d1?s=96&d=mm&r=g","url":"https:\/\/secure.gravatar.com\/avatar\/383247cd769f7ac317a5bcda943ec48a3c79d996598ae4564ec21a0e178126d1?s=96&d=mm&r=g","height":96,"width":96}},"publisher":{"@type":"Organization","name":"radok.cz","logo":{"@type":"ImageObject","@id":"\/logo.png","url":"\/logo.png","width":600,"height":60}},"image":{"@type":"ImageObject","@id":"https:\/\/www.radok.cz\/wp-content\/uploads\/pexels-photo-1571470.jpeg","url":"https:\/\/www.radok.cz\/wp-content\/uploads\/pexels-photo-1571470.jpeg","height":0,"width":0},"keywords":null}]}