[{"@context":"https:\/\/schema.org\/","@type":"Article","@id":"https:\/\/www.radok.cz\/moznost-stravit-dovolenou-v-alpach\/#Article","mainEntityOfPage":"https:\/\/www.radok.cz\/moznost-stravit-dovolenou-v-alpach\/","headline":"Mo\u017enost str\u00e1vit dovolenou v Alp\u00e1ch","name":"Mo\u017enost str\u00e1vit dovolenou v Alp\u00e1ch","description":"Pat\u0159\u00edte i vy mezi skupinu lid\u00ed, kte\u0159\u00ed d\u00e1vaj\u00ed v\u011bt\u0161\u00ed p\u0159ednost dovolen\u00e9 v hor\u00e1ch a aktivn\u00edmu vy\u017eit\u00ed, ne\u017e pouh\u00e9mu povalov\u00e1n\u00ed u mo\u0159e? Pokud i vy chcete pozn\u00e1vat nov\u00e1 m\u00edsta, kochat se krajinou, sportovat, jezdit na kole a chodit na t\u00fary, tak nev\u00e1hejte a vsa\u010fte na Rakousko, kter\u00e9 je pro v\u00e1s jako","datePublished":"2023-06-06","dateModified":"2024-06-07","author":{"@type":"Person","@id":"https:\/\/www.radok.cz\/author\/#Person","name":"","url":"https:\/\/www.radok.cz\/author\/","identifier":1,"image":{"@type":"ImageObject","@id":"https:\/\/secure.gravatar.com\/avatar\/383247cd769f7ac317a5bcda943ec48a3c79d996598ae4564ec21a0e178126d1?s=96&d=mm&r=g","url":"https:\/\/secure.gravatar.com\/avatar\/383247cd769f7ac317a5bcda943ec48a3c79d996598ae4564ec21a0e178126d1?s=96&d=mm&r=g","height":96,"width":96}},"publisher":{"@type":"Organization","name":"radok.cz","logo":{"@type":"ImageObject","@id":"\/logo.png","url":"\/logo.png","width":600,"height":60}},"url":"https:\/\/www.radok.cz\/moznost-stravit-dovolenou-v-alpach\/","wordCount":243,"articleBody":"Pat\u0159\u00edte i vy mezi skupinu lid\u00ed, kte\u0159\u00ed d\u00e1vaj\u00ed v\u011bt\u0161\u00ed p\u0159ednost dovolen\u00e9 v hor\u00e1ch a aktivn\u00edmu vy\u017eit\u00ed, ne\u017e pouh\u00e9mu povalov\u00e1n\u00ed u mo\u0159e? Pokud i vy chcete pozn\u00e1vat nov\u00e1 m\u00edsta, kochat se krajinou, sportovat, jezdit na kole a chodit na t\u00fary, tak nev\u00e1hejte a vsa\u010fte na Rakousko, kter\u00e9 je pro v\u00e1s jako stvo\u0159en\u00e9. Je tam spousta n\u00e1dhern\u00fdch m\u00edst, kde bude tr\u00e1ven\u00ed dovolen\u00e9 opravdov\u00fd po\u017eitek. M\u016f\u017eete si vybrat pr\u00e1v\u011b penzion Praga, ze kter\u00e9ho to je pouh\u00fdch p\u011bt kilometr\u016f do n\u00e1dhern\u00e9ho m\u011bste\u010dka Zell Am See, kter\u00e9 v\u00e1s zaujme po v\u0161ech sm\u011brech a kter\u00e9 si naprosto zamilujete. Vyrazte tedy i vy k na\u0161im soused\u016fm, kte\u0159\u00ed v\u00e1m mohou poskytnout ty nejv\u011bt\u0161\u00ed hory v cel\u00e9 Evrop\u011b.Perfektn\u00ed pohostinnostDo Zell Am See se m\u016f\u017eete tak\u00e9 t\u011b\u0161it nejenom kv\u016fli kr\u00e1s\u00e1m a p\u0159\u00edrodn\u00edm pam\u00e1tk\u00e1m, ale tak\u00e9 d\u00edky pohostinnosti m\u00edstn\u00edch lid\u00ed. V\u0161ichni na v\u00e1s budou samoz\u0159ejm\u011b mil\u00ed, v\u0161ichni budou ob\u011btav\u00ed a ud\u011blaj\u00ed to, co v\u00e1m na o\u010d\u00edch uvid\u00ed. Svou dovolenou si tedy budete moci u\u017e\u00edt opravdu na maximum, bude to zap\u0159\u00ed\u010din\u011bno ochotou lid\u00ed a samoz\u0159ejm\u011b tak n\u00e1dhern\u00fdm prost\u0159ed\u00edm, kter\u00e9 jste je\u0161t\u011b nikdy nevid\u011bli.                                                                                                                                                                                                                                                                                                                                                                                        4.5\/5 - (6 votes)        "},{"@context":"https:\/\/schema.org\/","@type":"BreadcrumbList","itemListElement":[{"@type":"ListItem","position":1,"name":"Mo\u017enost str\u00e1vit dovolenou v Alp\u00e1ch","item":"https:\/\/www.radok.cz\/moznost-stravit-dovolenou-v-alpach\/#breadcrumbitem"}]}]