[{"@context":"https:\/\/schema.org\/","@type":"Article","@id":"https:\/\/www.radok.cz\/damske-levne-znackove-kabelky-a-tasky\/#Article","mainEntityOfPage":"https:\/\/www.radok.cz\/damske-levne-znackove-kabelky-a-tasky\/","headline":"D\u00e1msk\u00e9 levn\u00e9 zna\u010dkov\u00e9 kabelky a ta\u0161ky","name":"D\u00e1msk\u00e9 levn\u00e9 zna\u010dkov\u00e9 kabelky a ta\u0161ky","description":"M\u00e1te r\u00e1dy m\u00f3du? R\u00e1dy se l\u00edb\u00edte a ze v\u0161eho nejrad\u011bji si ob\u010das chcete ud\u011blat radost a koupit si n\u011bco v\u00fdjime\u010dn\u00e9ho? V tom p\u0159\u00edpad\u011b to bude jist\u011b kabelka. To je jedna z v\u011bc\u00ed, kterou si nekupujeme ka\u017ed\u00fd den. V\u011bt\u0161inou dlouze vyb\u00edr\u00e1me a mus\u00edme b\u00fdt p\u0159esv\u011bd\u010den\u00e9 o tom, \u017ee si chceme po\u0159\u00eddit","datePublished":"2018-10-02","dateModified":"2023-05-25","author":{"@type":"Person","@id":"https:\/\/www.radok.cz\/author\/#Person","name":"","url":"https:\/\/www.radok.cz\/author\/","identifier":1,"image":{"@type":"ImageObject","@id":"https:\/\/secure.gravatar.com\/avatar\/383247cd769f7ac317a5bcda943ec48a3c79d996598ae4564ec21a0e178126d1?s=96&d=mm&r=g","url":"https:\/\/secure.gravatar.com\/avatar\/383247cd769f7ac317a5bcda943ec48a3c79d996598ae4564ec21a0e178126d1?s=96&d=mm&r=g","height":96,"width":96}},"publisher":{"@type":"Organization","name":"radok.cz","logo":{"@type":"ImageObject","@id":"\/logo.png","url":"\/logo.png","width":600,"height":60}},"image":{"@type":"ImageObject","@id":"https:\/\/www.radok.cz\/wp-content\/uploads\/img_a328011_w2445_t1540456567.jpg","url":"https:\/\/www.radok.cz\/wp-content\/uploads\/img_a328011_w2445_t1540456567.jpg","height":0,"width":0},"url":"https:\/\/www.radok.cz\/damske-levne-znackove-kabelky-a-tasky\/","about":["\u017divotn\u00ed styl"],"wordCount":455,"articleBody":"   M\u00e1te r\u00e1dy m\u00f3du? R\u00e1dy se l\u00edb\u00edte a ze v\u0161eho nejrad\u011bji si ob\u010das chcete ud\u011blat radost a koupit si n\u011bco v\u00fdjime\u010dn\u00e9ho? V tom p\u0159\u00edpad\u011b to bude jist\u011b kabelka. To je jedna z v\u011bc\u00ed, kterou si nekupujeme ka\u017ed\u00fd den. V\u011bt\u0161inou dlouze vyb\u00edr\u00e1me a mus\u00edme b\u00fdt p\u0159esv\u011bd\u010den\u00e9 o tom, \u017ee si chceme po\u0159\u00eddit n\u011bjak\u00fd nov\u00fd kousek. Ka\u017ed\u00e1 \u017eena toti\u017e v\u00ed, \u017ee hezk\u00e1 kabelka je v\u011bt\u0161inou drah\u00e1. Ov\u0161em to neplat\u00ed v na\u0161em p\u0159\u00edpad\u011b. Kabelky a ta\u0161ky se u\u017e daj\u00ed po\u0159\u00eddit i za velice n\u00edzk\u00e9 a zaj\u00edmav\u00e9 ceny. P\u0159esv\u011bd\u010dte se o tom a vyberete si z \u0161irok\u00e9 \u0161k\u00e1ly d\u00e1msk\u00fdch zna\u010dkov\u00fdch ta\u0161ek p\u0159es rameno .a) Modern\u00ed proveden\u00ed a elegantn\u00ed vzhled Ka\u017ed\u00fd produkt je jedine\u010dn\u00fd. Vzhled je pro n\u00e1s \u010dasto prvo\u0159ad\u00fd, proto si vyb\u00edr\u00e1me na z\u00e1klad\u011b barev, materi\u00e1l\u016f a tak\u00e9 designu. D\u00edky tomu m\u016f\u017eeme sladit i tyto prvky nap\u0159\u00edklad k na\u0161emu oble\u010den\u00ed.b) Nos\u00edme je ka\u017ed\u00fd den Denn\u011b nos\u00edme ta\u0161ky p\u0159es rameno a to nejenom z estetick\u00e9ho hlediska, ale tak\u00e9 kv\u016fli prakti\u010dnosti. \u017deny by si snad u\u017e ani nedok\u00e1zaly p\u0159edstavit \u017eivot bez t\u00e9to mal\u00e9 praktick\u00e9 drobnosti. A\u0165 u\u017e si po\u0159\u00edd\u00edme v\u011bt\u0161\u00ed nebo men\u0161\u00ed, st\u00e1le se n\u00e1m do n\u00ed vleze spousta mali\u010dkost\u00ed, kter\u00e9 pot\u0159ebujeme m\u00edt ka\u017ed\u00fd den u sebe. Nej\u010dast\u011bj\u0161\u00ed n\u00e1pln\u00ed je pen\u011b\u017eenka, doklady, di\u00e1\u0159, \u010dasto tak\u00e9 n\u011bjak\u00e1 n\u00e1kupn\u00ed ta\u0161ka, de\u0161tn\u00edk, kosmetika a spousta dal\u0161\u00edch drobnost\u00ed, kter\u00e9 u\u017e z\u00e1vis\u00ed na jednotliv\u00e9 \u017een\u011b. Origin\u00e1ln\u00ed, jedine\u010dn\u00e9 a v\u00fdjime\u010dn\u00e9 Nejenom kabelky jsou origin\u00e1ln\u00ed, jedine\u010dn\u00e9 a v\u00fdjime\u010dn\u00e9, ale tyto vlastnosti budou n\u00e1le\u017eet tak\u00e9 v\u00e1m a va\u0161\u00ed osobnosti, kdy\u017e si po\u0159\u00edd\u00edte n\u011bkterou z nich. Vyb\u00edrat m\u016f\u017eete tak\u00e9 na z\u00e1klad\u011b slev a akc\u00ed. Spousta \u017een vyhled\u00e1v\u00e1 pr\u00e1v\u011b slevov\u00e9 zbo\u017e\u00ed, aby si mohly nakoupit je\u0161t\u011b v\u00fdhodn\u011bji. Samoz\u0159ejm\u011b i tato slu\u017eba je u n\u00e1s v\u00edt\u00e1na a proto zde najdete produkty s je\u0161t\u011b v\u011bt\u0161\u00ed slevou. D\u011bs\u00ed v\u00e1s, \u017ee za tak n\u00edzkou cenu si nekoup\u00edte kvalitn\u00ed zbo\u017e\u00ed? M\u00e1te pochybnosti? Pry\u010d s nimi! N\u00edzk\u00e1 cena rozhodn\u011b v tomto p\u0159\u00edpad\u011b neznamen\u00e1 n\u00edzkou kvalitu! Ka\u017ed\u00fd produkt je vyr\u00e1b\u011bn s maxim\u00e1ln\u00ed p\u0159esnost\u00ed, preciznost\u00ed a za pou\u017eit\u00ed kvalitn\u00edch materi\u00e1l\u016f.                                                                                                                                                                                                                                                                                                                                                                                            4.4\/5 - (15 votes)        "},{"@context":"https:\/\/schema.org\/","@type":"BreadcrumbList","itemListElement":[{"@type":"ListItem","position":1,"name":"D\u00e1msk\u00e9 levn\u00e9 zna\u010dkov\u00e9 kabelky a ta\u0161ky","item":"https:\/\/www.radok.cz\/damske-levne-znackove-kabelky-a-tasky\/#breadcrumbitem"}]}]