[{"@context":"https:\/\/schema.org\/","@type":"Article","@id":"https:\/\/www.radok.cz\/ctete-detem-dvacet-minut-denne\/#Article","mainEntityOfPage":"https:\/\/www.radok.cz\/ctete-detem-dvacet-minut-denne\/","headline":"\u010ct\u011bte d\u011btem dvacet minut denn\u011b!","name":"\u010ct\u011bte d\u011btem dvacet minut denn\u011b!","description":"Fr\u00e1ze: &bdquo;\u010ct\u011bte d\u011btem dvacet minut ka\u017ed\u00fd den&ldquo; zn\u00ed ji\u017e jako ohran\u00e9 kli\u0161\u00e9, napadlo v\u00e1s ale n\u011bkdy, pro\u010d je tak nesm\u00edrn\u011b d\u016fle\u017eit\u00e9, aby mal\u00e9mu d\u00edt\u011bti bylo p\u0159ed\u010d\u00edt\u00e1no a aby si star\u0161\u00ed d\u00edt\u011b \u010detlo r\u00e1do samo? P\u0159in\u00e1\u0161\u00edme v\u00e1m p\u00e1r p\u0159esv\u011bd\u010div\u00fdch d\u016fvod\u016f, d\u00edky kter\u00fdm i vy za\u010dnete ka\u017ed\u00fd den s&nbsp;p\u0159ed\u010d\u00edt\u00e1n\u00edm! &middot;&nbsp;&nbsp;&nbsp;&nbsp;&nbsp;&nbsp;&nbsp;&nbsp; Rozv\u00edjen\u00ed slovn\u00ed","datePublished":"2019-09-01","dateModified":"2023-05-25","author":{"@type":"Person","@id":"https:\/\/www.radok.cz\/author\/#Person","name":"","url":"https:\/\/www.radok.cz\/author\/","identifier":1,"image":{"@type":"ImageObject","@id":"https:\/\/secure.gravatar.com\/avatar\/383247cd769f7ac317a5bcda943ec48a3c79d996598ae4564ec21a0e178126d1?s=96&d=mm&r=g","url":"https:\/\/secure.gravatar.com\/avatar\/383247cd769f7ac317a5bcda943ec48a3c79d996598ae4564ec21a0e178126d1?s=96&d=mm&r=g","height":96,"width":96}},"publisher":{"@type":"Organization","name":"radok.cz","logo":{"@type":"ImageObject","@id":"\/logo.png","url":"\/logo.png","width":600,"height":60}},"image":{"@type":"ImageObject","@id":"https:\/\/www.radok.cz\/wp-content\/uploads\/img_a355392_w3367_t1569689535.jpg","url":"https:\/\/www.radok.cz\/wp-content\/uploads\/img_a355392_w3367_t1569689535.jpg","height":0,"width":0},"url":"https:\/\/www.radok.cz\/ctete-detem-dvacet-minut-denne\/","about":["Vzd\u011bl\u00e1n\u00ed"],"wordCount":489,"articleBody":"Fr\u00e1ze: &bdquo;\u010ct\u011bte d\u011btem dvacet minut ka\u017ed\u00fd den&ldquo; zn\u00ed ji\u017e jako ohran\u00e9 kli\u0161\u00e9, napadlo v\u00e1s ale n\u011bkdy, pro\u010d je tak nesm\u00edrn\u011b d\u016fle\u017eit\u00e9, aby mal\u00e9mu d\u00edt\u011bti bylo p\u0159ed\u010d\u00edt\u00e1no a aby si star\u0161\u00ed d\u00edt\u011b \u010detlo r\u00e1do samo? P\u0159in\u00e1\u0161\u00edme v\u00e1m p\u00e1r p\u0159esv\u011bd\u010div\u00fdch d\u016fvod\u016f, d\u00edky kter\u00fdm i vy za\u010dnete ka\u017ed\u00fd den s&nbsp;p\u0159ed\u010d\u00edt\u00e1n\u00edm!\t&middot;&nbsp;&nbsp;&nbsp;&nbsp;&nbsp;&nbsp;&nbsp;&nbsp; Rozv\u00edjen\u00ed slovn\u00ed z\u00e1soby\tPokud m\u00e1te doma mal\u00e9 d\u00edt\u011b, kter\u00e9 je\u0161t\u011b mluvit neum\u00ed, nebo mluv\u00ed zat\u00edm jen z\u0159\u00eddka, m\u016f\u017ee se zd\u00e1t, \u017ee je p\u0159ed\u010d\u00edt\u00e1n\u00ed zbyte\u010dn\u00e9, nicm\u00e9n\u011b opak je pravdou. Nyn\u00ed se jedn\u00e1 o jednu z&nbsp;nejd\u016fle\u017eit\u011bj\u0161\u00edch \u010dinnost\u00ed, kterou byste s&nbsp;d\u00edt\u011btem m\u011bli provozovat. Takto mal\u00e9mu d\u00edt\u011b se teprve slovn\u00ed z\u00e1soba rozv\u00edj\u00ed a jeho mezek je pr\u00e1v\u011b jako houba. Vst\u0159eb\u00e1v\u00e1 v\u0161echny nov\u011b usly\u0161en\u00e1 slova a je velice d\u016fle\u017eit\u00e9, aby si je d\u00edt\u011b um\u011blo d\u00e1t spr\u00e1vn\u011b do kontextu. Nau\u010d\u00ed se tak nov\u00e1 slova rychleji a snadn\u011bji.\t&middot;&nbsp;&nbsp;&nbsp;&nbsp;&nbsp;&nbsp;&nbsp;&nbsp; Rozv\u00edjen\u00ed fantazie\tD\u00edvat se na televizi je p\u0159\u00edli\u0161 snadn\u00e9. D\u00edt\u011b sleduje to, co za n\u011bj ji\u017e n\u011bkdo vymyslel. Mozek je sval, a pokud se nebude procvi\u010dovat ji\u017e v&nbsp;\u00fatl\u00e9m v\u011bku, tak zakrn\u00ed. Proto je velice d\u016fle\u017eit\u00e9, aby ho mal\u00e9 d\u00edt\u011b rozv\u00edjelo aspo\u0148 t\u00edmto zp\u016fsobem. Druh\u00fdm kladn\u00fdm bodem n\u00e1m m\u016f\u017ee b\u00fdt to, \u017ee pokud chceme vychovat mal\u00e9ho um\u011blce, p\u0159edstavivost a bujn\u00e1 fantazie se mu bude jist\u011b hodit.\t&middot;&nbsp;&nbsp;&nbsp;&nbsp;&nbsp;&nbsp;&nbsp;&nbsp; Utu\u017eov\u00e1n\u00ed vztah\u016f\tM\u016f\u017ee se to zd\u00e1t jako nesmysl, nicm\u00e9n\u011b je tomu opravdu tak. Pokud si matka najde ka\u017ed\u00fd den \u010das, kter\u00fd v\u011bnuje jen a pouze d\u00edt\u011bti, utv\u00e1\u0159\u00ed se mezi nimi velice siln\u00e9 pouto, kter\u00e9 zajist\u00e9 upot\u0159eb\u00ed v&nbsp;dal\u0161\u00edch letech.\t\t&middot;&nbsp;&nbsp;&nbsp;&nbsp;&nbsp;&nbsp;&nbsp;&nbsp; Biblioterapie\tPokud zrovna proch\u00e1z\u00edte n\u011bjakou slo\u017eitou \u017eivotn\u00ed situac\u00ed, jako je nap\u0159\u00edklad rozvod, \u00famrt\u00ed v&nbsp;rodin\u011b \u010di v\u00e1\u017en\u00e1 nemoc, m\u016f\u017ee b\u00fdt pro v\u00e1s kniha u\u017eite\u010dn\u00fdm n\u00e1strojem, jak d\u00edt\u011bti vysv\u011btlit co se d\u011bje a jak se s&nbsp;nastalou situac\u00ed vyrovnat. V&nbsp;d\u011btsk\u00e9 biblioterapii jde p\u0159edev\u0161\u00edm o &bdquo;l\u00e9\u010dbu du\u0161e&ldquo; pomoc\u00ed hlavn\u00edho hrdiny knihy, kter\u00fd pro\u017e\u00edv\u00e1 stejnou situaci, jako d\u00edt\u011b samo. Tento zp\u016fsob terapie je hojn\u011b vyu\u017e\u00edv\u00e1n u v\u0161ech v\u011bkov\u00fdch kategorii.                                                                                                                                                                                                                                                                                                                                                                                        4.8\/5 - (9 votes)        "},{"@context":"https:\/\/schema.org\/","@type":"BreadcrumbList","itemListElement":[{"@type":"ListItem","position":1,"name":"\u010ct\u011bte d\u011btem dvacet minut denn\u011b!","item":"https:\/\/www.radok.cz\/ctete-detem-dvacet-minut-denne\/#breadcrumbitem"}]}]