{"@context":"https:\/\/schema.org\/","@type":"CollectionPage","@id":"https:\/\/www.radok.cz\/cestovani\/#CollectionPage","headline":"Cestov\u00e1n\u00ed Category","description":"","url":"https:\/\/www.radok.cz\/cestovani\/","hasPart":[{"@type":"Article","@id":"https:\/\/www.radok.cz\/pratele-ve-svete\/","headline":"P\u0159\u00e1tel\u00e9 ve sv\u011bt\u011b","url":"https:\/\/www.radok.cz\/pratele-ve-svete\/","datePublished":"2023-08-28","dateModified":"2024-03-28","mainEntityOfPage":"https:\/\/www.radok.cz\/pratele-ve-svete\/","author":{"@type":"Person","@id":"https:\/\/www.radok.cz\/author\/#Person","name":"","url":"https:\/\/www.radok.cz\/author\/","identifier":1,"image":{"@type":"ImageObject","@id":"https:\/\/secure.gravatar.com\/avatar\/383247cd769f7ac317a5bcda943ec48a3c79d996598ae4564ec21a0e178126d1?s=96&d=mm&r=g","url":"https:\/\/secure.gravatar.com\/avatar\/383247cd769f7ac317a5bcda943ec48a3c79d996598ae4564ec21a0e178126d1?s=96&d=mm&r=g","height":96,"width":96}},"publisher":{"@type":"Organization","name":"radok.cz","logo":{"@type":"ImageObject","@id":"\/logo.png","url":"\/logo.png","width":600,"height":60}},"image":{"@type":"ImageObject","@id":"https:\/\/www.radok.cz\/wp-content\/uploads\/travel-5188598_1280.jpg","url":"https:\/\/www.radok.cz\/wp-content\/uploads\/travel-5188598_1280.jpg","height":0,"width":0},"keywords":null},{"@type":"Article","@id":"https:\/\/www.radok.cz\/i-kdyz-v-australii-nemaji-babise\/","headline":"I kdy\u017e v Austr\u00e1lii nemaj\u00ed Babi\u0161e","url":"https:\/\/www.radok.cz\/i-kdyz-v-australii-nemaji-babise\/","datePublished":"2022-07-03","dateModified":"2023-05-25","mainEntityOfPage":"https:\/\/www.radok.cz\/i-kdyz-v-australii-nemaji-babise\/","author":{"@type":"Person","@id":"https:\/\/www.radok.cz\/author\/#Person","name":"","url":"https:\/\/www.radok.cz\/author\/","identifier":1,"image":{"@type":"ImageObject","@id":"https:\/\/secure.gravatar.com\/avatar\/383247cd769f7ac317a5bcda943ec48a3c79d996598ae4564ec21a0e178126d1?s=96&d=mm&r=g","url":"https:\/\/secure.gravatar.com\/avatar\/383247cd769f7ac317a5bcda943ec48a3c79d996598ae4564ec21a0e178126d1?s=96&d=mm&r=g","height":96,"width":96}},"publisher":{"@type":"Organization","name":"radok.cz","logo":{"@type":"ImageObject","@id":"\/logo.png","url":"\/logo.png","width":600,"height":60}},"image":{"@type":"ImageObject","@id":"https:\/\/www.radok.cz\/wp-content\/uploads\/pole%20%C5%99epky.jpg","url":"https:\/\/www.radok.cz\/wp-content\/uploads\/pole%20%C5%99epky.jpg","height":0,"width":0},"keywords":null},{"@type":"Article","@id":"https:\/\/www.radok.cz\/jak-lidi-cestuji\/","headline":"Jak lidi cestuj\u00ed","url":"https:\/\/www.radok.cz\/jak-lidi-cestuji\/","datePublished":"2021-09-12","dateModified":"2023-05-25","mainEntityOfPage":"https:\/\/www.radok.cz\/jak-lidi-cestuji\/","author":{"@type":"Person","@id":"https:\/\/www.radok.cz\/author\/#Person","name":"","url":"https:\/\/www.radok.cz\/author\/","identifier":1,"image":{"@type":"ImageObject","@id":"https:\/\/secure.gravatar.com\/avatar\/383247cd769f7ac317a5bcda943ec48a3c79d996598ae4564ec21a0e178126d1?s=96&d=mm&r=g","url":"https:\/\/secure.gravatar.com\/avatar\/383247cd769f7ac317a5bcda943ec48a3c79d996598ae4564ec21a0e178126d1?s=96&d=mm&r=g","height":96,"width":96}},"publisher":{"@type":"Organization","name":"radok.cz","logo":{"@type":"ImageObject","@id":"\/logo.png","url":"\/logo.png","width":600,"height":60}},"image":{"@type":"ImageObject","@id":"https:\/\/www.radok.cz\/wp-content\/uploads\/cestov%C3%A1n%C3%AD1.jpg","url":"https:\/\/www.radok.cz\/wp-content\/uploads\/cestov%C3%A1n%C3%AD1.jpg","height":0,"width":0},"keywords":null},{"@type":"Article","@id":"https:\/\/www.radok.cz\/dovolena-s-karavanem-je-pro-mnohe-z-nas-zivotnim-stylem\/","headline":"Dovolen\u00e1 s karavanem je pro mnoh\u00e9 z n\u00e1s \u017eivotn\u00edm stylem","url":"https:\/\/www.radok.cz\/dovolena-s-karavanem-je-pro-mnohe-z-nas-zivotnim-stylem\/","datePublished":"2020-09-21","dateModified":"2023-05-25","mainEntityOfPage":"https:\/\/www.radok.cz\/dovolena-s-karavanem-je-pro-mnohe-z-nas-zivotnim-stylem\/","author":{"@type":"Person","@id":"https:\/\/www.radok.cz\/author\/#Person","name":"","url":"https:\/\/www.radok.cz\/author\/","identifier":1,"image":{"@type":"ImageObject","@id":"https:\/\/secure.gravatar.com\/avatar\/383247cd769f7ac317a5bcda943ec48a3c79d996598ae4564ec21a0e178126d1?s=96&d=mm&r=g","url":"https:\/\/secure.gravatar.com\/avatar\/383247cd769f7ac317a5bcda943ec48a3c79d996598ae4564ec21a0e178126d1?s=96&d=mm&r=g","height":96,"width":96}},"publisher":{"@type":"Organization","name":"radok.cz","logo":{"@type":"ImageObject","@id":"\/logo.png","url":"\/logo.png","width":600,"height":60}},"image":{"@type":"ImageObject","@id":"https:\/\/www.radok.cz\/wp-content\/uploads\/img_a343050_w2378_t1556174077.jpg","url":"https:\/\/www.radok.cz\/wp-content\/uploads\/img_a343050_w2378_t1556174077.jpg","height":0,"width":0},"keywords":null}]}